{"id":11023,"date":"2024-09-29T12:23:43","date_gmt":"2024-09-29T17:23:43","guid":{"rendered":"https:\/\/revoredo.pe\/?p=11023"},"modified":"2024-09-29T12:42:50","modified_gmt":"2024-09-29T17:42:50","slug":"abel-revoredo-en-latam-tech-como-proteger-el-software-y-las-tecnologias-desarrolladas-por-tu-empresa","status":"publish","type":"post","link":"https:\/\/revoredo.pe\/en\/abel-revoredo-en-latam-tech-como-proteger-el-software-y-las-tecnologias-desarrolladas-por-tu-empresa\/","title":{"rendered":"Abel Revoredo en Latam Tech: C\u00f3mo proteger el software y las tecnolog\u00edas desarrolladas por tu empresa"},"content":{"rendered":"<p>Nuestro socio fundador <strong>Abel Revoredo<\/strong>, particip\u00f3 en <strong>Hablemos de TI<\/strong>, programa <strong>Latam Tech<\/strong> conducido por <strong>Ale Espinosa<\/strong> y <strong>Mart\u00edn Garc\u00eda<\/strong>, donde se discuti\u00f3 c\u00f3mo proteger el software y las tecnolog\u00edas desarrolladas por tu empresa. Abel abord\u00f3 temas como derechos de autor, acuerdos de confidencialidad y las mejores pr\u00e1cticas legales para resguardar tus innovaciones.<\/p>\n\n\n\n<blockquote class=\"wp-block-quote is-layout-flow wp-block-quote-is-layout-flow\">\n<p>\u00abEl uso de software sin licencia es muy peligroso, especialmente en el \u00e1mbito empresarial, ya que se considera un delito y las empresas pueden enfrentar sanciones graves. Los desarrolladores de software tienen la capacidad de detectar si su software est\u00e1 siendo utilizado sin autorizaci\u00f3n. Por eso es crucial que las empresas cuenten con la protecci\u00f3n legal adecuada para evitar riesgos y sanciones.\u00bb<\/p>\n<\/blockquote>\n\n\n\n<p><\/p>\n\n\n\n<p>No te pierdas la entrevista completa para conocer m\u00e1s sobre la protecci\u00f3n legal de tus desarrollos.<\/p>\n\n\n\n<p><\/p>\n\n\n\n<figure class=\"wp-block-embed is-type-video is-provider-youtube wp-block-embed-youtube wp-embed-aspect-16-9 wp-has-aspect-ratio\"><div class=\"wp-block-embed__wrapper\">\n<iframe loading=\"lazy\" title=\"C\u00f3mo proteger el software y las tecnolog\u00edas desarrolladas por tu empresa\" width=\"1170\" height=\"658\" src=\"https:\/\/www.youtube.com\/embed\/hGaCYbzUI6U?feature=oembed\" frameborder=\"0\" allow=\"accelerometer; autoplay; clipboard-write; encrypted-media; gyroscope; picture-in-picture; web-share\" referrerpolicy=\"strict-origin-when-cross-origin\" allowfullscreen><\/iframe>\n<\/div><\/figure>","protected":false},"excerpt":{"rendered":"<p>Nuestro socio fundador Abel Revoredo, particip\u00f3 en Hablemos de TI, programa Latam Tech conducido por Ale Espinosa y Mart\u00edn Garc\u00eda, donde se discuti\u00f3 c\u00f3mo proteger el software y las tecnolog\u00edas desarrolladas por tu empresa. Abel abord\u00f3 temas como derechos de autor, acuerdos de confidencialidad y las mejores pr\u00e1cticas legales para resguardar tus innovaciones. \u00abEl uso de software sin licencia es&#8230;<\/p>","protected":false},"author":6536,"featured_media":11027,"comment_status":"open","ping_status":"closed","sticky":false,"template":"","format":"standard","meta":{"_acf_changed":false,"content-type":"","footnotes":""},"categories":[149],"tags":[],"class_list":["post-11023","post","type-post","status-publish","format-standard","has-post-thumbnail","hentry","category-sin-categoria-es"],"acf":[],"yoast_head":"<!-- This site is optimized with the Yoast SEO plugin v27.3 - https:\/\/yoast.com\/product\/yoast-seo-wordpress\/ -->\n<title>Abel Revoredo en Latam Tech: C\u00f3mo proteger el software y las tecnolog\u00edas desarrolladas por tu empresa &#8211; Revoredo.pe<\/title>\n<meta name=\"robots\" content=\"index, follow, max-snippet:-1, max-image-preview:large, max-video-preview:-1\" \/>\n<link rel=\"canonical\" href=\"https:\/\/revoredo.pe\/en\/abel-revoredo-en-latam-tech-como-proteger-el-software-y-las-tecnologias-desarrolladas-por-tu-empresa\/\" \/>\n<meta property=\"og:locale\" content=\"en_US\" \/>\n<meta property=\"og:type\" content=\"article\" \/>\n<meta property=\"og:title\" content=\"Abel Revoredo en Latam Tech: C\u00f3mo proteger el software y las tecnolog\u00edas desarrolladas por tu empresa &#8211; Revoredo.pe\" \/>\n<meta property=\"og:description\" content=\"Nuestro socio fundador Abel Revoredo, particip\u00f3 en Hablemos de TI, programa Latam Tech conducido por Ale Espinosa y Mart\u00edn Garc\u00eda, donde se discuti\u00f3 c\u00f3mo proteger el software y las tecnolog\u00edas desarrolladas por tu empresa. Abel abord\u00f3 temas como derechos de autor, acuerdos de confidencialidad y las mejores pr\u00e1cticas legales para resguardar tus innovaciones. \u00abEl uso de software sin licencia es...\" \/>\n<meta property=\"og:url\" content=\"https:\/\/revoredo.pe\/en\/abel-revoredo-en-latam-tech-como-proteger-el-software-y-las-tecnologias-desarrolladas-por-tu-empresa\/\" \/>\n<meta property=\"og:site_name\" content=\"Revoredo.pe\" \/>\n<meta property=\"article:publisher\" content=\"https:\/\/www.facebook.com\/revoredope\" \/>\n<meta property=\"article:published_time\" content=\"2024-09-29T17:23:43+00:00\" \/>\n<meta property=\"article:modified_time\" content=\"2024-09-29T17:42:50+00:00\" \/>\n<meta property=\"og:image\" content=\"https:\/\/revoredo.pe\/wp-content\/uploads\/2024\/09\/Latam-tech-BANNER-1.jpg\" \/>\n\t<meta property=\"og:image:width\" content=\"1056\" \/>\n\t<meta property=\"og:image:height\" content=\"353\" \/>\n\t<meta property=\"og:image:type\" content=\"image\/jpeg\" \/>\n<meta name=\"author\" content=\"Lorena Macedo\" \/>\n<meta name=\"twitter:card\" content=\"summary_large_image\" \/>\n<meta name=\"twitter:creator\" content=\"@revoredope\" \/>\n<meta name=\"twitter:site\" content=\"@revoredope\" \/>\n<meta name=\"twitter:label1\" content=\"Written by\" \/>\n\t<meta name=\"twitter:data1\" content=\"Lorena Macedo\" \/>\n\t<meta name=\"twitter:label2\" content=\"Est. reading time\" \/>\n\t<meta name=\"twitter:data2\" content=\"1 minute\" \/>\n<script type=\"application\/ld+json\" class=\"yoast-schema-graph\">{\"@context\":\"https:\\\/\\\/schema.org\",\"@graph\":[{\"@type\":\"Article\",\"@id\":\"https:\\\/\\\/revoredo.pe\\\/abel-revoredo-en-latam-tech-como-proteger-el-software-y-las-tecnologias-desarrolladas-por-tu-empresa\\\/#article\",\"isPartOf\":{\"@id\":\"https:\\\/\\\/revoredo.pe\\\/abel-revoredo-en-latam-tech-como-proteger-el-software-y-las-tecnologias-desarrolladas-por-tu-empresa\\\/\"},\"author\":{\"name\":\"Lorena Macedo\",\"@id\":\"https:\\\/\\\/revoredo.pe\\\/#\\\/schema\\\/person\\\/187f9a780ad612698cbc4b84a91a72f1\"},\"headline\":\"Abel Revoredo en Latam Tech: C\u00f3mo proteger el software y las tecnolog\u00edas desarrolladas por tu empresa\",\"datePublished\":\"2024-09-29T17:23:43+00:00\",\"dateModified\":\"2024-09-29T17:42:50+00:00\",\"mainEntityOfPage\":{\"@id\":\"https:\\\/\\\/revoredo.pe\\\/abel-revoredo-en-latam-tech-como-proteger-el-software-y-las-tecnologias-desarrolladas-por-tu-empresa\\\/\"},\"wordCount\":165,\"commentCount\":0,\"publisher\":{\"@id\":\"https:\\\/\\\/revoredo.pe\\\/#organization\"},\"image\":{\"@id\":\"https:\\\/\\\/revoredo.pe\\\/abel-revoredo-en-latam-tech-como-proteger-el-software-y-las-tecnologias-desarrolladas-por-tu-empresa\\\/#primaryimage\"},\"thumbnailUrl\":\"https:\\\/\\\/revoredo.pe\\\/wp-content\\\/uploads\\\/2024\\\/09\\\/Latam-tech-BANNER-1.jpg\",\"articleSection\":[\"Sin categor\u00eda\"],\"inLanguage\":\"en-US\",\"potentialAction\":[{\"@type\":\"CommentAction\",\"name\":\"Comment\",\"target\":[\"https:\\\/\\\/revoredo.pe\\\/abel-revoredo-en-latam-tech-como-proteger-el-software-y-las-tecnologias-desarrolladas-por-tu-empresa\\\/#respond\"]}]},{\"@type\":\"WebPage\",\"@id\":\"https:\\\/\\\/revoredo.pe\\\/abel-revoredo-en-latam-tech-como-proteger-el-software-y-las-tecnologias-desarrolladas-por-tu-empresa\\\/\",\"url\":\"https:\\\/\\\/revoredo.pe\\\/abel-revoredo-en-latam-tech-como-proteger-el-software-y-las-tecnologias-desarrolladas-por-tu-empresa\\\/\",\"name\":\"Abel Revoredo en Latam Tech: C\u00f3mo proteger el software y las tecnolog\u00edas desarrolladas por tu empresa &#8211; Revoredo.pe\",\"isPartOf\":{\"@id\":\"https:\\\/\\\/revoredo.pe\\\/#website\"},\"primaryImageOfPage\":{\"@id\":\"https:\\\/\\\/revoredo.pe\\\/abel-revoredo-en-latam-tech-como-proteger-el-software-y-las-tecnologias-desarrolladas-por-tu-empresa\\\/#primaryimage\"},\"image\":{\"@id\":\"https:\\\/\\\/revoredo.pe\\\/abel-revoredo-en-latam-tech-como-proteger-el-software-y-las-tecnologias-desarrolladas-por-tu-empresa\\\/#primaryimage\"},\"thumbnailUrl\":\"https:\\\/\\\/revoredo.pe\\\/wp-content\\\/uploads\\\/2024\\\/09\\\/Latam-tech-BANNER-1.jpg\",\"datePublished\":\"2024-09-29T17:23:43+00:00\",\"dateModified\":\"2024-09-29T17:42:50+00:00\",\"breadcrumb\":{\"@id\":\"https:\\\/\\\/revoredo.pe\\\/abel-revoredo-en-latam-tech-como-proteger-el-software-y-las-tecnologias-desarrolladas-por-tu-empresa\\\/#breadcrumb\"},\"inLanguage\":\"en-US\",\"potentialAction\":[{\"@type\":\"ReadAction\",\"target\":[\"https:\\\/\\\/revoredo.pe\\\/abel-revoredo-en-latam-tech-como-proteger-el-software-y-las-tecnologias-desarrolladas-por-tu-empresa\\\/\"]}]},{\"@type\":\"ImageObject\",\"inLanguage\":\"en-US\",\"@id\":\"https:\\\/\\\/revoredo.pe\\\/abel-revoredo-en-latam-tech-como-proteger-el-software-y-las-tecnologias-desarrolladas-por-tu-empresa\\\/#primaryimage\",\"url\":\"https:\\\/\\\/revoredo.pe\\\/wp-content\\\/uploads\\\/2024\\\/09\\\/Latam-tech-BANNER-1.jpg\",\"contentUrl\":\"https:\\\/\\\/revoredo.pe\\\/wp-content\\\/uploads\\\/2024\\\/09\\\/Latam-tech-BANNER-1.jpg\",\"width\":1056,\"height\":353},{\"@type\":\"BreadcrumbList\",\"@id\":\"https:\\\/\\\/revoredo.pe\\\/abel-revoredo-en-latam-tech-como-proteger-el-software-y-las-tecnologias-desarrolladas-por-tu-empresa\\\/#breadcrumb\",\"itemListElement\":[{\"@type\":\"ListItem\",\"position\":1,\"name\":\"Home\",\"item\":\"https:\\\/\\\/revoredo.pe\\\/\"},{\"@type\":\"ListItem\",\"position\":2,\"name\":\"Abel Revoredo en Latam Tech: C\u00f3mo proteger el software y las tecnolog\u00edas desarrolladas por tu empresa\"}]},{\"@type\":\"WebSite\",\"@id\":\"https:\\\/\\\/revoredo.pe\\\/#website\",\"url\":\"https:\\\/\\\/revoredo.pe\\\/\",\"name\":\"Revoredo.pe\",\"description\":\"Abogados Digitales\",\"publisher\":{\"@id\":\"https:\\\/\\\/revoredo.pe\\\/#organization\"},\"potentialAction\":[{\"@type\":\"SearchAction\",\"target\":{\"@type\":\"EntryPoint\",\"urlTemplate\":\"https:\\\/\\\/revoredo.pe\\\/?s={search_term_string}\"},\"query-input\":{\"@type\":\"PropertyValueSpecification\",\"valueRequired\":true,\"valueName\":\"search_term_string\"}}],\"inLanguage\":\"en-US\"},{\"@type\":\"Organization\",\"@id\":\"https:\\\/\\\/revoredo.pe\\\/#organization\",\"name\":\"Revoredo Abogados\",\"url\":\"https:\\\/\\\/revoredo.pe\\\/\",\"logo\":{\"@type\":\"ImageObject\",\"inLanguage\":\"en-US\",\"@id\":\"https:\\\/\\\/revoredo.pe\\\/#\\\/schema\\\/logo\\\/image\\\/\",\"url\":\"https:\\\/\\\/revoredo.pe\\\/wp-content\\\/uploads\\\/2020\\\/08\\\/revoredo-logo.png\",\"contentUrl\":\"https:\\\/\\\/revoredo.pe\\\/wp-content\\\/uploads\\\/2020\\\/08\\\/revoredo-logo.png\",\"width\":326,\"height\":85,\"caption\":\"Revoredo Abogados\"},\"image\":{\"@id\":\"https:\\\/\\\/revoredo.pe\\\/#\\\/schema\\\/logo\\\/image\\\/\"},\"sameAs\":[\"https:\\\/\\\/www.facebook.com\\\/revoredope\",\"https:\\\/\\\/x.com\\\/revoredope\",\"https:\\\/\\\/www.instagram.com\\\/revoredope\\\/\",\"https:\\\/\\\/www.linkedin.com\\\/company\\\/revoredope\"]},{\"@type\":\"Person\",\"@id\":\"https:\\\/\\\/revoredo.pe\\\/#\\\/schema\\\/person\\\/187f9a780ad612698cbc4b84a91a72f1\",\"name\":\"Lorena Macedo\",\"image\":{\"@type\":\"ImageObject\",\"inLanguage\":\"en-US\",\"@id\":\"https:\\\/\\\/secure.gravatar.com\\\/avatar\\\/465ae3bbbbf30aba0fe29e81462b703bd3fb3f0920a5817923f3f94e9fa4799e?s=96&d=mm&r=g\",\"url\":\"https:\\\/\\\/secure.gravatar.com\\\/avatar\\\/465ae3bbbbf30aba0fe29e81462b703bd3fb3f0920a5817923f3f94e9fa4799e?s=96&d=mm&r=g\",\"contentUrl\":\"https:\\\/\\\/secure.gravatar.com\\\/avatar\\\/465ae3bbbbf30aba0fe29e81462b703bd3fb3f0920a5817923f3f94e9fa4799e?s=96&d=mm&r=g\",\"caption\":\"Lorena Macedo\"}}]}<\/script>\n<!-- \/ Yoast SEO plugin. -->","yoast_head_json":{"title":"Abel Revoredo en Latam Tech: C\u00f3mo proteger el software y las tecnolog\u00edas desarrolladas por tu empresa &#8211; Revoredo.pe","robots":{"index":"index","follow":"follow","max-snippet":"max-snippet:-1","max-image-preview":"max-image-preview:large","max-video-preview":"max-video-preview:-1"},"canonical":"https:\/\/revoredo.pe\/en\/abel-revoredo-en-latam-tech-como-proteger-el-software-y-las-tecnologias-desarrolladas-por-tu-empresa\/","og_locale":"en_US","og_type":"article","og_title":"Abel Revoredo en Latam Tech: C\u00f3mo proteger el software y las tecnolog\u00edas desarrolladas por tu empresa &#8211; Revoredo.pe","og_description":"Nuestro socio fundador Abel Revoredo, particip\u00f3 en Hablemos de TI, programa Latam Tech conducido por Ale Espinosa y Mart\u00edn Garc\u00eda, donde se discuti\u00f3 c\u00f3mo proteger el software y las tecnolog\u00edas desarrolladas por tu empresa. Abel abord\u00f3 temas como derechos de autor, acuerdos de confidencialidad y las mejores pr\u00e1cticas legales para resguardar tus innovaciones. \u00abEl uso de software sin licencia es...","og_url":"https:\/\/revoredo.pe\/en\/abel-revoredo-en-latam-tech-como-proteger-el-software-y-las-tecnologias-desarrolladas-por-tu-empresa\/","og_site_name":"Revoredo.pe","article_publisher":"https:\/\/www.facebook.com\/revoredope","article_published_time":"2024-09-29T17:23:43+00:00","article_modified_time":"2024-09-29T17:42:50+00:00","og_image":[{"width":1056,"height":353,"url":"https:\/\/revoredo.pe\/wp-content\/uploads\/2024\/09\/Latam-tech-BANNER-1.jpg","type":"image\/jpeg"}],"author":"Lorena Macedo","twitter_card":"summary_large_image","twitter_creator":"@revoredope","twitter_site":"@revoredope","twitter_misc":{"Written by":"Lorena Macedo","Est. reading time":"1 minute"},"schema":{"@context":"https:\/\/schema.org","@graph":[{"@type":"Article","@id":"https:\/\/revoredo.pe\/abel-revoredo-en-latam-tech-como-proteger-el-software-y-las-tecnologias-desarrolladas-por-tu-empresa\/#article","isPartOf":{"@id":"https:\/\/revoredo.pe\/abel-revoredo-en-latam-tech-como-proteger-el-software-y-las-tecnologias-desarrolladas-por-tu-empresa\/"},"author":{"name":"Lorena Macedo","@id":"https:\/\/revoredo.pe\/#\/schema\/person\/187f9a780ad612698cbc4b84a91a72f1"},"headline":"Abel Revoredo en Latam Tech: C\u00f3mo proteger el software y las tecnolog\u00edas desarrolladas por tu empresa","datePublished":"2024-09-29T17:23:43+00:00","dateModified":"2024-09-29T17:42:50+00:00","mainEntityOfPage":{"@id":"https:\/\/revoredo.pe\/abel-revoredo-en-latam-tech-como-proteger-el-software-y-las-tecnologias-desarrolladas-por-tu-empresa\/"},"wordCount":165,"commentCount":0,"publisher":{"@id":"https:\/\/revoredo.pe\/#organization"},"image":{"@id":"https:\/\/revoredo.pe\/abel-revoredo-en-latam-tech-como-proteger-el-software-y-las-tecnologias-desarrolladas-por-tu-empresa\/#primaryimage"},"thumbnailUrl":"https:\/\/revoredo.pe\/wp-content\/uploads\/2024\/09\/Latam-tech-BANNER-1.jpg","articleSection":["Sin categor\u00eda"],"inLanguage":"en-US","potentialAction":[{"@type":"CommentAction","name":"Comment","target":["https:\/\/revoredo.pe\/abel-revoredo-en-latam-tech-como-proteger-el-software-y-las-tecnologias-desarrolladas-por-tu-empresa\/#respond"]}]},{"@type":"WebPage","@id":"https:\/\/revoredo.pe\/abel-revoredo-en-latam-tech-como-proteger-el-software-y-las-tecnologias-desarrolladas-por-tu-empresa\/","url":"https:\/\/revoredo.pe\/abel-revoredo-en-latam-tech-como-proteger-el-software-y-las-tecnologias-desarrolladas-por-tu-empresa\/","name":"Abel Revoredo en Latam Tech: C\u00f3mo proteger el software y las tecnolog\u00edas desarrolladas por tu empresa &#8211; Revoredo.pe","isPartOf":{"@id":"https:\/\/revoredo.pe\/#website"},"primaryImageOfPage":{"@id":"https:\/\/revoredo.pe\/abel-revoredo-en-latam-tech-como-proteger-el-software-y-las-tecnologias-desarrolladas-por-tu-empresa\/#primaryimage"},"image":{"@id":"https:\/\/revoredo.pe\/abel-revoredo-en-latam-tech-como-proteger-el-software-y-las-tecnologias-desarrolladas-por-tu-empresa\/#primaryimage"},"thumbnailUrl":"https:\/\/revoredo.pe\/wp-content\/uploads\/2024\/09\/Latam-tech-BANNER-1.jpg","datePublished":"2024-09-29T17:23:43+00:00","dateModified":"2024-09-29T17:42:50+00:00","breadcrumb":{"@id":"https:\/\/revoredo.pe\/abel-revoredo-en-latam-tech-como-proteger-el-software-y-las-tecnologias-desarrolladas-por-tu-empresa\/#breadcrumb"},"inLanguage":"en-US","potentialAction":[{"@type":"ReadAction","target":["https:\/\/revoredo.pe\/abel-revoredo-en-latam-tech-como-proteger-el-software-y-las-tecnologias-desarrolladas-por-tu-empresa\/"]}]},{"@type":"ImageObject","inLanguage":"en-US","@id":"https:\/\/revoredo.pe\/abel-revoredo-en-latam-tech-como-proteger-el-software-y-las-tecnologias-desarrolladas-por-tu-empresa\/#primaryimage","url":"https:\/\/revoredo.pe\/wp-content\/uploads\/2024\/09\/Latam-tech-BANNER-1.jpg","contentUrl":"https:\/\/revoredo.pe\/wp-content\/uploads\/2024\/09\/Latam-tech-BANNER-1.jpg","width":1056,"height":353},{"@type":"BreadcrumbList","@id":"https:\/\/revoredo.pe\/abel-revoredo-en-latam-tech-como-proteger-el-software-y-las-tecnologias-desarrolladas-por-tu-empresa\/#breadcrumb","itemListElement":[{"@type":"ListItem","position":1,"name":"Home","item":"https:\/\/revoredo.pe\/"},{"@type":"ListItem","position":2,"name":"Abel Revoredo en Latam Tech: C\u00f3mo proteger el software y las tecnolog\u00edas desarrolladas por tu empresa"}]},{"@type":"WebSite","@id":"https:\/\/revoredo.pe\/#website","url":"https:\/\/revoredo.pe\/","name":"Revoredo.pe","description":"Abogados Digitales","publisher":{"@id":"https:\/\/revoredo.pe\/#organization"},"potentialAction":[{"@type":"SearchAction","target":{"@type":"EntryPoint","urlTemplate":"https:\/\/revoredo.pe\/?s={search_term_string}"},"query-input":{"@type":"PropertyValueSpecification","valueRequired":true,"valueName":"search_term_string"}}],"inLanguage":"en-US"},{"@type":"Organization","@id":"https:\/\/revoredo.pe\/#organization","name":"Revoredo Abogados","url":"https:\/\/revoredo.pe\/","logo":{"@type":"ImageObject","inLanguage":"en-US","@id":"https:\/\/revoredo.pe\/#\/schema\/logo\/image\/","url":"https:\/\/revoredo.pe\/wp-content\/uploads\/2020\/08\/revoredo-logo.png","contentUrl":"https:\/\/revoredo.pe\/wp-content\/uploads\/2020\/08\/revoredo-logo.png","width":326,"height":85,"caption":"Revoredo Abogados"},"image":{"@id":"https:\/\/revoredo.pe\/#\/schema\/logo\/image\/"},"sameAs":["https:\/\/www.facebook.com\/revoredope","https:\/\/x.com\/revoredope","https:\/\/www.instagram.com\/revoredope\/","https:\/\/www.linkedin.com\/company\/revoredope"]},{"@type":"Person","@id":"https:\/\/revoredo.pe\/#\/schema\/person\/187f9a780ad612698cbc4b84a91a72f1","name":"Lorena Macedo","image":{"@type":"ImageObject","inLanguage":"en-US","@id":"https:\/\/secure.gravatar.com\/avatar\/465ae3bbbbf30aba0fe29e81462b703bd3fb3f0920a5817923f3f94e9fa4799e?s=96&d=mm&r=g","url":"https:\/\/secure.gravatar.com\/avatar\/465ae3bbbbf30aba0fe29e81462b703bd3fb3f0920a5817923f3f94e9fa4799e?s=96&d=mm&r=g","contentUrl":"https:\/\/secure.gravatar.com\/avatar\/465ae3bbbbf30aba0fe29e81462b703bd3fb3f0920a5817923f3f94e9fa4799e?s=96&d=mm&r=g","caption":"Lorena Macedo"}}]}},"_links":{"self":[{"href":"https:\/\/revoredo.pe\/en\/wp-json\/wp\/v2\/posts\/11023","targetHints":{"allow":["GET"]}}],"collection":[{"href":"https:\/\/revoredo.pe\/en\/wp-json\/wp\/v2\/posts"}],"about":[{"href":"https:\/\/revoredo.pe\/en\/wp-json\/wp\/v2\/types\/post"}],"author":[{"embeddable":true,"href":"https:\/\/revoredo.pe\/en\/wp-json\/wp\/v2\/users\/6536"}],"replies":[{"embeddable":true,"href":"https:\/\/revoredo.pe\/en\/wp-json\/wp\/v2\/comments?post=11023"}],"version-history":[{"count":0,"href":"https:\/\/revoredo.pe\/en\/wp-json\/wp\/v2\/posts\/11023\/revisions"}],"wp:featuredmedia":[{"embeddable":true,"href":"https:\/\/revoredo.pe\/en\/wp-json\/wp\/v2\/media\/11027"}],"wp:attachment":[{"href":"https:\/\/revoredo.pe\/en\/wp-json\/wp\/v2\/media?parent=11023"}],"wp:term":[{"taxonomy":"category","embeddable":true,"href":"https:\/\/revoredo.pe\/en\/wp-json\/wp\/v2\/categories?post=11023"},{"taxonomy":"post_tag","embeddable":true,"href":"https:\/\/revoredo.pe\/en\/wp-json\/wp\/v2\/tags?post=11023"}],"curies":[{"name":"wp","href":"https:\/\/api.w.org\/{rel}","templated":true}]}}