{"id":10939,"date":"2024-04-24T11:39:32","date_gmt":"2024-04-24T16:39:32","guid":{"rendered":"https:\/\/revoredo.pe\/?p=10939"},"modified":"2024-04-24T12:05:54","modified_gmt":"2024-04-24T17:05:54","slug":"proteccion-de-datos-personales-un-imperativo-legal-y-etico-para-las-empresas-en-la-era-digital","status":"publish","type":"post","link":"https:\/\/revoredo.pe\/en\/proteccion-de-datos-personales-un-imperativo-legal-y-etico-para-las-empresas-en-la-era-digital\/","title":{"rendered":"Protecci\u00f3n de datos personales: un imperativo legal y \u00e9tico para las empresas en la era digital"},"content":{"rendered":"<p><a href=\"https:\/\/www.linkedin.com\/in\/abelrevoredo\/\">Abel Revoredo<\/a>, nuestro Socio fundador especialista en <a href=\"https:\/\/revoredo.pe\/en\/practice\/proteccion-de-datos-y-privacidad\/\">Privacidad<\/a>, escribi\u00f3 un art\u00edculo para Amcham donde revisa el marco legal que las empresas deben cumplir para garantizar la seguridad y el tratamiento adecuado de la informaci\u00f3n personal.<\/p>\n\n\n\n<p>Abel destaca c\u00f3mo adoptar un enfoque proactivo y bien informado hacia la protecci\u00f3n de los datos personales no solo cumple con las obligaciones legales, sino que tambi\u00e9n refuerza la confianza y lealtad de los clientes, fundamentales en la sostenibilidad y \u00e9xito de cualquier empresa en la era digital. <\/p>\n\n\n\n<p><\/p>\n\n\n\n<blockquote class=\"wp-block-quote is-layout-flow wp-block-quote-is-layout-flow\">\n<p>Es imprescindible tener en cuenta, que el incumplimiento de estas obligaciones puede resultar en sanciones significativas, que van desde cuantiosas multas hasta posibles repercusiones en la reputaci\u00f3n corporativa. Por lo tanto, la adecuaci\u00f3n a la Ley de Protecci\u00f3n de Datos Personales no solo es una obligaci\u00f3n legal, sino tambi\u00e9n una inversi\u00f3n en la confianza y seguridad que los clientes depositan en las empresas.\u00bb<\/p>\n<\/blockquote>\n\n\n\n<div class=\"wp-block-buttons is-content-justification-center is-layout-flex wp-container-core-buttons-is-layout-16018d1d wp-block-buttons-is-layout-flex\">\n<div class=\"wp-block-button has-custom-width wp-block-button__width-75 has-custom-font-size is-style-outline has-small-font-size is-style-outline--1\"><a class=\"wp-block-button__link has-white-color has-luminous-vivid-amber-background-color has-text-color has-background has-link-color wp-element-button\" href=\"https:\/\/amcham.org.pe\/news\/proteccion-de-datos-personales-un-imperativo-legal-y-etico-para-las-empresas-en-la-era-digital\/\" style=\"border-radius:0px\"><strong>LEER EL ART\u00cdCULO COMPLETO<\/strong><\/a><\/div>\n<\/div>\n\n\n\n<p><\/p>\n\n\n\n<p><\/p>\n\n\n\n<p><\/p>","protected":false},"excerpt":{"rendered":"<p>Abel Revoredo, nuestro Socio fundador especialista en Privacidad, escribi\u00f3 un art\u00edculo para Amcham donde revisa el marco legal que las empresas deben cumplir para garantizar la seguridad y el tratamiento adecuado de la informaci\u00f3n personal. Abel destaca c\u00f3mo adoptar un enfoque proactivo y bien informado hacia la protecci\u00f3n de los datos personales no solo cumple con las obligaciones legales, sino&#8230;<\/p>","protected":false},"author":6536,"featured_media":10958,"comment_status":"open","ping_status":"closed","sticky":false,"template":"","format":"standard","meta":{"_acf_changed":false,"content-type":"","footnotes":""},"categories":[47],"tags":[],"class_list":["post-10939","post","type-post","status-publish","format-standard","has-post-thumbnail","hentry","category-privacidad"],"acf":[],"yoast_head":"<!-- This site is optimized with the Yoast SEO plugin v27.3 - https:\/\/yoast.com\/product\/yoast-seo-wordpress\/ -->\n<title>Protecci\u00f3n de datos personales: un imperativo legal y \u00e9tico para las empresas en la era digital &#8211; Revoredo.pe<\/title>\n<meta name=\"robots\" content=\"index, follow, max-snippet:-1, max-image-preview:large, max-video-preview:-1\" \/>\n<link rel=\"canonical\" href=\"https:\/\/revoredo.pe\/en\/proteccion-de-datos-personales-un-imperativo-legal-y-etico-para-las-empresas-en-la-era-digital\/\" \/>\n<meta property=\"og:locale\" content=\"en_US\" \/>\n<meta property=\"og:type\" content=\"article\" \/>\n<meta property=\"og:title\" content=\"Protecci\u00f3n de datos personales: un imperativo legal y \u00e9tico para las empresas en la era digital &#8211; Revoredo.pe\" \/>\n<meta property=\"og:description\" content=\"Abel Revoredo, nuestro Socio fundador especialista en Privacidad, escribi\u00f3 un art\u00edculo para Amcham donde revisa el marco legal que las empresas deben cumplir para garantizar la seguridad y el tratamiento adecuado de la informaci\u00f3n personal. Abel destaca c\u00f3mo adoptar un enfoque proactivo y bien informado hacia la protecci\u00f3n de los datos personales no solo cumple con las obligaciones legales, sino...\" \/>\n<meta property=\"og:url\" content=\"https:\/\/revoredo.pe\/en\/proteccion-de-datos-personales-un-imperativo-legal-y-etico-para-las-empresas-en-la-era-digital\/\" \/>\n<meta property=\"og:site_name\" content=\"Revoredo.pe\" \/>\n<meta property=\"article:publisher\" content=\"https:\/\/www.facebook.com\/revoredope\" \/>\n<meta property=\"article:published_time\" content=\"2024-04-24T16:39:32+00:00\" \/>\n<meta property=\"article:modified_time\" content=\"2024-04-24T17:05:54+00:00\" \/>\n<meta property=\"og:image\" content=\"https:\/\/revoredo.pe\/wp-content\/uploads\/2024\/04\/PDP-AMCHAM-e1713978057889.jpg\" \/>\n\t<meta property=\"og:image:width\" content=\"688\" \/>\n\t<meta property=\"og:image:height\" content=\"353\" \/>\n\t<meta property=\"og:image:type\" content=\"image\/jpeg\" \/>\n<meta name=\"author\" content=\"Lorena Macedo\" \/>\n<meta name=\"twitter:card\" content=\"summary_large_image\" \/>\n<meta name=\"twitter:creator\" content=\"@revoredope\" \/>\n<meta name=\"twitter:site\" content=\"@revoredope\" \/>\n<meta name=\"twitter:label1\" content=\"Written by\" \/>\n\t<meta name=\"twitter:data1\" content=\"Lorena Macedo\" \/>\n\t<meta name=\"twitter:label2\" content=\"Est. reading time\" \/>\n\t<meta name=\"twitter:data2\" content=\"1 minute\" \/>\n<script type=\"application\/ld+json\" class=\"yoast-schema-graph\">{\"@context\":\"https:\\\/\\\/schema.org\",\"@graph\":[{\"@type\":[\"Article\",\"BlogPosting\"],\"@id\":\"https:\\\/\\\/revoredo.pe\\\/proteccion-de-datos-personales-un-imperativo-legal-y-etico-para-las-empresas-en-la-era-digital\\\/#article\",\"isPartOf\":{\"@id\":\"https:\\\/\\\/revoredo.pe\\\/proteccion-de-datos-personales-un-imperativo-legal-y-etico-para-las-empresas-en-la-era-digital\\\/\"},\"author\":{\"name\":\"Lorena Macedo\",\"@id\":\"https:\\\/\\\/revoredo.pe\\\/#\\\/schema\\\/person\\\/187f9a780ad612698cbc4b84a91a72f1\"},\"headline\":\"Protecci\u00f3n de datos personales: un imperativo legal y \u00e9tico para las empresas en la era digital\",\"datePublished\":\"2024-04-24T16:39:32+00:00\",\"dateModified\":\"2024-04-24T17:05:54+00:00\",\"mainEntityOfPage\":{\"@id\":\"https:\\\/\\\/revoredo.pe\\\/proteccion-de-datos-personales-un-imperativo-legal-y-etico-para-las-empresas-en-la-era-digital\\\/\"},\"wordCount\":179,\"commentCount\":0,\"publisher\":{\"@id\":\"https:\\\/\\\/revoredo.pe\\\/#organization\"},\"image\":{\"@id\":\"https:\\\/\\\/revoredo.pe\\\/proteccion-de-datos-personales-un-imperativo-legal-y-etico-para-las-empresas-en-la-era-digital\\\/#primaryimage\"},\"thumbnailUrl\":\"https:\\\/\\\/revoredo.pe\\\/wp-content\\\/uploads\\\/2024\\\/04\\\/PDP-AMCHAM2.jpg\",\"articleSection\":[\"Privacidad\"],\"inLanguage\":\"en-US\",\"potentialAction\":[{\"@type\":\"CommentAction\",\"name\":\"Comment\",\"target\":[\"https:\\\/\\\/revoredo.pe\\\/proteccion-de-datos-personales-un-imperativo-legal-y-etico-para-las-empresas-en-la-era-digital\\\/#respond\"]}]},{\"@type\":[\"WebPage\",\"ItemPage\"],\"@id\":\"https:\\\/\\\/revoredo.pe\\\/proteccion-de-datos-personales-un-imperativo-legal-y-etico-para-las-empresas-en-la-era-digital\\\/\",\"url\":\"https:\\\/\\\/revoredo.pe\\\/proteccion-de-datos-personales-un-imperativo-legal-y-etico-para-las-empresas-en-la-era-digital\\\/\",\"name\":\"Protecci\u00f3n de datos personales: un imperativo legal y \u00e9tico para las empresas en la era digital &#8211; Revoredo.pe\",\"isPartOf\":{\"@id\":\"https:\\\/\\\/revoredo.pe\\\/#website\"},\"primaryImageOfPage\":{\"@id\":\"https:\\\/\\\/revoredo.pe\\\/proteccion-de-datos-personales-un-imperativo-legal-y-etico-para-las-empresas-en-la-era-digital\\\/#primaryimage\"},\"image\":{\"@id\":\"https:\\\/\\\/revoredo.pe\\\/proteccion-de-datos-personales-un-imperativo-legal-y-etico-para-las-empresas-en-la-era-digital\\\/#primaryimage\"},\"thumbnailUrl\":\"https:\\\/\\\/revoredo.pe\\\/wp-content\\\/uploads\\\/2024\\\/04\\\/PDP-AMCHAM2.jpg\",\"datePublished\":\"2024-04-24T16:39:32+00:00\",\"dateModified\":\"2024-04-24T17:05:54+00:00\",\"breadcrumb\":{\"@id\":\"https:\\\/\\\/revoredo.pe\\\/proteccion-de-datos-personales-un-imperativo-legal-y-etico-para-las-empresas-en-la-era-digital\\\/#breadcrumb\"},\"inLanguage\":\"en-US\",\"potentialAction\":[{\"@type\":\"ReadAction\",\"target\":[\"https:\\\/\\\/revoredo.pe\\\/proteccion-de-datos-personales-un-imperativo-legal-y-etico-para-las-empresas-en-la-era-digital\\\/\"]}]},{\"@type\":\"ImageObject\",\"inLanguage\":\"en-US\",\"@id\":\"https:\\\/\\\/revoredo.pe\\\/proteccion-de-datos-personales-un-imperativo-legal-y-etico-para-las-empresas-en-la-era-digital\\\/#primaryimage\",\"url\":\"https:\\\/\\\/revoredo.pe\\\/wp-content\\\/uploads\\\/2024\\\/04\\\/PDP-AMCHAM2.jpg\",\"contentUrl\":\"https:\\\/\\\/revoredo.pe\\\/wp-content\\\/uploads\\\/2024\\\/04\\\/PDP-AMCHAM2.jpg\",\"width\":1056,\"height\":353},{\"@type\":\"BreadcrumbList\",\"@id\":\"https:\\\/\\\/revoredo.pe\\\/proteccion-de-datos-personales-un-imperativo-legal-y-etico-para-las-empresas-en-la-era-digital\\\/#breadcrumb\",\"itemListElement\":[{\"@type\":\"ListItem\",\"position\":1,\"name\":\"Home\",\"item\":\"https:\\\/\\\/revoredo.pe\\\/\"},{\"@type\":\"ListItem\",\"position\":2,\"name\":\"Protecci\u00f3n de datos personales: un imperativo legal y \u00e9tico para las empresas en la era digital\"}]},{\"@type\":\"WebSite\",\"@id\":\"https:\\\/\\\/revoredo.pe\\\/#website\",\"url\":\"https:\\\/\\\/revoredo.pe\\\/\",\"name\":\"Revoredo.pe\",\"description\":\"Abogados Digitales\",\"publisher\":{\"@id\":\"https:\\\/\\\/revoredo.pe\\\/#organization\"},\"potentialAction\":[{\"@type\":\"SearchAction\",\"target\":{\"@type\":\"EntryPoint\",\"urlTemplate\":\"https:\\\/\\\/revoredo.pe\\\/?s={search_term_string}\"},\"query-input\":{\"@type\":\"PropertyValueSpecification\",\"valueRequired\":true,\"valueName\":\"search_term_string\"}}],\"inLanguage\":\"en-US\"},{\"@type\":\"Organization\",\"@id\":\"https:\\\/\\\/revoredo.pe\\\/#organization\",\"name\":\"Revoredo Abogados\",\"url\":\"https:\\\/\\\/revoredo.pe\\\/\",\"logo\":{\"@type\":\"ImageObject\",\"inLanguage\":\"en-US\",\"@id\":\"https:\\\/\\\/revoredo.pe\\\/#\\\/schema\\\/logo\\\/image\\\/\",\"url\":\"https:\\\/\\\/revoredo.pe\\\/wp-content\\\/uploads\\\/2020\\\/08\\\/revoredo-logo.png\",\"contentUrl\":\"https:\\\/\\\/revoredo.pe\\\/wp-content\\\/uploads\\\/2020\\\/08\\\/revoredo-logo.png\",\"width\":326,\"height\":85,\"caption\":\"Revoredo Abogados\"},\"image\":{\"@id\":\"https:\\\/\\\/revoredo.pe\\\/#\\\/schema\\\/logo\\\/image\\\/\"},\"sameAs\":[\"https:\\\/\\\/www.facebook.com\\\/revoredope\",\"https:\\\/\\\/x.com\\\/revoredope\",\"https:\\\/\\\/www.instagram.com\\\/revoredope\\\/\",\"https:\\\/\\\/www.linkedin.com\\\/company\\\/revoredope\"]},{\"@type\":\"Person\",\"@id\":\"https:\\\/\\\/revoredo.pe\\\/#\\\/schema\\\/person\\\/187f9a780ad612698cbc4b84a91a72f1\",\"name\":\"Lorena Macedo\",\"image\":{\"@type\":\"ImageObject\",\"inLanguage\":\"en-US\",\"@id\":\"https:\\\/\\\/secure.gravatar.com\\\/avatar\\\/465ae3bbbbf30aba0fe29e81462b703bd3fb3f0920a5817923f3f94e9fa4799e?s=96&d=mm&r=g\",\"url\":\"https:\\\/\\\/secure.gravatar.com\\\/avatar\\\/465ae3bbbbf30aba0fe29e81462b703bd3fb3f0920a5817923f3f94e9fa4799e?s=96&d=mm&r=g\",\"contentUrl\":\"https:\\\/\\\/secure.gravatar.com\\\/avatar\\\/465ae3bbbbf30aba0fe29e81462b703bd3fb3f0920a5817923f3f94e9fa4799e?s=96&d=mm&r=g\",\"caption\":\"Lorena Macedo\"}}]}<\/script>\n<!-- \/ Yoast SEO plugin. -->","yoast_head_json":{"title":"Protecci\u00f3n de datos personales: un imperativo legal y \u00e9tico para las empresas en la era digital &#8211; Revoredo.pe","robots":{"index":"index","follow":"follow","max-snippet":"max-snippet:-1","max-image-preview":"max-image-preview:large","max-video-preview":"max-video-preview:-1"},"canonical":"https:\/\/revoredo.pe\/en\/proteccion-de-datos-personales-un-imperativo-legal-y-etico-para-las-empresas-en-la-era-digital\/","og_locale":"en_US","og_type":"article","og_title":"Protecci\u00f3n de datos personales: un imperativo legal y \u00e9tico para las empresas en la era digital &#8211; Revoredo.pe","og_description":"Abel Revoredo, nuestro Socio fundador especialista en Privacidad, escribi\u00f3 un art\u00edculo para Amcham donde revisa el marco legal que las empresas deben cumplir para garantizar la seguridad y el tratamiento adecuado de la informaci\u00f3n personal. Abel destaca c\u00f3mo adoptar un enfoque proactivo y bien informado hacia la protecci\u00f3n de los datos personales no solo cumple con las obligaciones legales, sino...","og_url":"https:\/\/revoredo.pe\/en\/proteccion-de-datos-personales-un-imperativo-legal-y-etico-para-las-empresas-en-la-era-digital\/","og_site_name":"Revoredo.pe","article_publisher":"https:\/\/www.facebook.com\/revoredope","article_published_time":"2024-04-24T16:39:32+00:00","article_modified_time":"2024-04-24T17:05:54+00:00","og_image":[{"width":688,"height":353,"url":"https:\/\/revoredo.pe\/wp-content\/uploads\/2024\/04\/PDP-AMCHAM-e1713978057889.jpg","type":"image\/jpeg"}],"author":"Lorena Macedo","twitter_card":"summary_large_image","twitter_creator":"@revoredope","twitter_site":"@revoredope","twitter_misc":{"Written by":"Lorena Macedo","Est. reading time":"1 minute"},"schema":{"@context":"https:\/\/schema.org","@graph":[{"@type":["Article","BlogPosting"],"@id":"https:\/\/revoredo.pe\/proteccion-de-datos-personales-un-imperativo-legal-y-etico-para-las-empresas-en-la-era-digital\/#article","isPartOf":{"@id":"https:\/\/revoredo.pe\/proteccion-de-datos-personales-un-imperativo-legal-y-etico-para-las-empresas-en-la-era-digital\/"},"author":{"name":"Lorena Macedo","@id":"https:\/\/revoredo.pe\/#\/schema\/person\/187f9a780ad612698cbc4b84a91a72f1"},"headline":"Protecci\u00f3n de datos personales: un imperativo legal y \u00e9tico para las empresas en la era digital","datePublished":"2024-04-24T16:39:32+00:00","dateModified":"2024-04-24T17:05:54+00:00","mainEntityOfPage":{"@id":"https:\/\/revoredo.pe\/proteccion-de-datos-personales-un-imperativo-legal-y-etico-para-las-empresas-en-la-era-digital\/"},"wordCount":179,"commentCount":0,"publisher":{"@id":"https:\/\/revoredo.pe\/#organization"},"image":{"@id":"https:\/\/revoredo.pe\/proteccion-de-datos-personales-un-imperativo-legal-y-etico-para-las-empresas-en-la-era-digital\/#primaryimage"},"thumbnailUrl":"https:\/\/revoredo.pe\/wp-content\/uploads\/2024\/04\/PDP-AMCHAM2.jpg","articleSection":["Privacidad"],"inLanguage":"en-US","potentialAction":[{"@type":"CommentAction","name":"Comment","target":["https:\/\/revoredo.pe\/proteccion-de-datos-personales-un-imperativo-legal-y-etico-para-las-empresas-en-la-era-digital\/#respond"]}]},{"@type":["WebPage","ItemPage"],"@id":"https:\/\/revoredo.pe\/proteccion-de-datos-personales-un-imperativo-legal-y-etico-para-las-empresas-en-la-era-digital\/","url":"https:\/\/revoredo.pe\/proteccion-de-datos-personales-un-imperativo-legal-y-etico-para-las-empresas-en-la-era-digital\/","name":"Protecci\u00f3n de datos personales: un imperativo legal y \u00e9tico para las empresas en la era digital &#8211; Revoredo.pe","isPartOf":{"@id":"https:\/\/revoredo.pe\/#website"},"primaryImageOfPage":{"@id":"https:\/\/revoredo.pe\/proteccion-de-datos-personales-un-imperativo-legal-y-etico-para-las-empresas-en-la-era-digital\/#primaryimage"},"image":{"@id":"https:\/\/revoredo.pe\/proteccion-de-datos-personales-un-imperativo-legal-y-etico-para-las-empresas-en-la-era-digital\/#primaryimage"},"thumbnailUrl":"https:\/\/revoredo.pe\/wp-content\/uploads\/2024\/04\/PDP-AMCHAM2.jpg","datePublished":"2024-04-24T16:39:32+00:00","dateModified":"2024-04-24T17:05:54+00:00","breadcrumb":{"@id":"https:\/\/revoredo.pe\/proteccion-de-datos-personales-un-imperativo-legal-y-etico-para-las-empresas-en-la-era-digital\/#breadcrumb"},"inLanguage":"en-US","potentialAction":[{"@type":"ReadAction","target":["https:\/\/revoredo.pe\/proteccion-de-datos-personales-un-imperativo-legal-y-etico-para-las-empresas-en-la-era-digital\/"]}]},{"@type":"ImageObject","inLanguage":"en-US","@id":"https:\/\/revoredo.pe\/proteccion-de-datos-personales-un-imperativo-legal-y-etico-para-las-empresas-en-la-era-digital\/#primaryimage","url":"https:\/\/revoredo.pe\/wp-content\/uploads\/2024\/04\/PDP-AMCHAM2.jpg","contentUrl":"https:\/\/revoredo.pe\/wp-content\/uploads\/2024\/04\/PDP-AMCHAM2.jpg","width":1056,"height":353},{"@type":"BreadcrumbList","@id":"https:\/\/revoredo.pe\/proteccion-de-datos-personales-un-imperativo-legal-y-etico-para-las-empresas-en-la-era-digital\/#breadcrumb","itemListElement":[{"@type":"ListItem","position":1,"name":"Home","item":"https:\/\/revoredo.pe\/"},{"@type":"ListItem","position":2,"name":"Protecci\u00f3n de datos personales: un imperativo legal y \u00e9tico para las empresas en la era digital"}]},{"@type":"WebSite","@id":"https:\/\/revoredo.pe\/#website","url":"https:\/\/revoredo.pe\/","name":"Revoredo.pe","description":"Abogados Digitales","publisher":{"@id":"https:\/\/revoredo.pe\/#organization"},"potentialAction":[{"@type":"SearchAction","target":{"@type":"EntryPoint","urlTemplate":"https:\/\/revoredo.pe\/?s={search_term_string}"},"query-input":{"@type":"PropertyValueSpecification","valueRequired":true,"valueName":"search_term_string"}}],"inLanguage":"en-US"},{"@type":"Organization","@id":"https:\/\/revoredo.pe\/#organization","name":"Revoredo Abogados","url":"https:\/\/revoredo.pe\/","logo":{"@type":"ImageObject","inLanguage":"en-US","@id":"https:\/\/revoredo.pe\/#\/schema\/logo\/image\/","url":"https:\/\/revoredo.pe\/wp-content\/uploads\/2020\/08\/revoredo-logo.png","contentUrl":"https:\/\/revoredo.pe\/wp-content\/uploads\/2020\/08\/revoredo-logo.png","width":326,"height":85,"caption":"Revoredo Abogados"},"image":{"@id":"https:\/\/revoredo.pe\/#\/schema\/logo\/image\/"},"sameAs":["https:\/\/www.facebook.com\/revoredope","https:\/\/x.com\/revoredope","https:\/\/www.instagram.com\/revoredope\/","https:\/\/www.linkedin.com\/company\/revoredope"]},{"@type":"Person","@id":"https:\/\/revoredo.pe\/#\/schema\/person\/187f9a780ad612698cbc4b84a91a72f1","name":"Lorena Macedo","image":{"@type":"ImageObject","inLanguage":"en-US","@id":"https:\/\/secure.gravatar.com\/avatar\/465ae3bbbbf30aba0fe29e81462b703bd3fb3f0920a5817923f3f94e9fa4799e?s=96&d=mm&r=g","url":"https:\/\/secure.gravatar.com\/avatar\/465ae3bbbbf30aba0fe29e81462b703bd3fb3f0920a5817923f3f94e9fa4799e?s=96&d=mm&r=g","contentUrl":"https:\/\/secure.gravatar.com\/avatar\/465ae3bbbbf30aba0fe29e81462b703bd3fb3f0920a5817923f3f94e9fa4799e?s=96&d=mm&r=g","caption":"Lorena Macedo"}}]}},"_links":{"self":[{"href":"https:\/\/revoredo.pe\/en\/wp-json\/wp\/v2\/posts\/10939","targetHints":{"allow":["GET"]}}],"collection":[{"href":"https:\/\/revoredo.pe\/en\/wp-json\/wp\/v2\/posts"}],"about":[{"href":"https:\/\/revoredo.pe\/en\/wp-json\/wp\/v2\/types\/post"}],"author":[{"embeddable":true,"href":"https:\/\/revoredo.pe\/en\/wp-json\/wp\/v2\/users\/6536"}],"replies":[{"embeddable":true,"href":"https:\/\/revoredo.pe\/en\/wp-json\/wp\/v2\/comments?post=10939"}],"version-history":[{"count":0,"href":"https:\/\/revoredo.pe\/en\/wp-json\/wp\/v2\/posts\/10939\/revisions"}],"wp:featuredmedia":[{"embeddable":true,"href":"https:\/\/revoredo.pe\/en\/wp-json\/wp\/v2\/media\/10958"}],"wp:attachment":[{"href":"https:\/\/revoredo.pe\/en\/wp-json\/wp\/v2\/media?parent=10939"}],"wp:term":[{"taxonomy":"category","embeddable":true,"href":"https:\/\/revoredo.pe\/en\/wp-json\/wp\/v2\/categories?post=10939"},{"taxonomy":"post_tag","embeddable":true,"href":"https:\/\/revoredo.pe\/en\/wp-json\/wp\/v2\/tags?post=10939"}],"curies":[{"name":"wp","href":"https:\/\/api.w.org\/{rel}","templated":true}]}}